{"id":2127,"date":"2016-05-27T08:10:57","date_gmt":"2016-05-27T08:10:57","guid":{"rendered":"http:\/\/www.acemabcn.org\/?p=2127"},"modified":"2016-05-27T08:12:08","modified_gmt":"2016-05-27T08:12:08","slug":"vii-ral%c2%b7li-internacional-d-autobusos-classics","status":"publish","type":"post","link":"https:\/\/www.acemabcn.org\/es\/20160527\/vii-ral%c2%b7li-internacional-d-autobusos-classics\/","title":{"rendered":"VII Rally Internacional de Autobuses Cl\u00e1sicos"},"content":{"rendered":"<p><\/p>\n<p style=\"text-align: justify;\">El pr\u00f3ximo fin de semana (28 y 29 de mayo) se celebrar\u00e1 en Barcelona el VII Rally Internacional de Autobuses Cl\u00e1sicos Barcelona \u2013 Caldes de Montbui, organizado por la Fundaci\u00f3 TMB, ARCA y Sagal\u00e9s.<\/p>\n<p style=\"text-align: justify;\">Este a\u00f1o, m\u00e1s de una treintena de autobuses participaran en este evento que viene cargado de \u00a0novedades respecto a las anteriores ediciones.<\/p>\n<p style=\"text-align: justify;\">Primero se realizaran dos exposiciones, una de ellas organizada por ACEMA y la <em>Fundaci\u00f3 TMB<\/em> con motivo del 50 aniversario de los primeros autobuses articulados en Barcelona y en Espa\u00f1a. En esta exposici\u00f3n se recordaran a trav\u00e9s de 8 plafones cargados de datos, im\u00e1genes y especificaciones todos los autobuses articulados que han pasado por la flota de TMB. Adem\u00e1s ACEMA participar\u00e1 con sus voluntarios, que un a\u00f1o m\u00e1s atender\u00e1n las dudas que surjan de los autobuses de la <em>Fundaci\u00f3 TMB<\/em>.<\/p>\n<p style=\"text-align: justify;\">Tambi\u00e9n\u00a0habr\u00e1 una adaptaci\u00f3n de la exposici\u00f3n <em>\u201cTMB en acci\u00f3. Un viatge sostenible\u201d,<\/em> \u00a0que trata sobre la contribuci\u00f3n del transporte p\u00fablico en Barcelona para afrontar los problemas ambientales actuales, sintetizando la gran exposici\u00f3n que se realiz\u00f3 el a\u00f1o pasado en el espacio <em>Merc\u00e8 Sala.<\/em><\/p>\n<p style=\"text-align: justify;\">Otra novedad se podr\u00e1 ver a partir de las 18:30 con la actuaci\u00f3n de un mago a cargo del Mago Gabi.<\/p>\n<p style=\"text-align: justify;\">La Fundaci\u00f3n TMB contar\u00e1 adem\u00e1s con la participaci\u00f3n de otro autob\u00fas hist\u00f3rico que una vez finalizado el Rally formara parte de la colecci\u00f3n de cl\u00e1sicos, y este es el MAN NL 202 de la flota del <em>Barcelona Bus Tur\u00edstic<\/em>. Este autob\u00fas fue de los primeros de TMB en tener piso bajo y rampa para P.M.R. incorporado en la flota el a\u00f1o 1992. En 2005 fue transformado en los talleres de Sercar ( Zaragoza ) para convertir este en un autob\u00fas tur\u00edstico de un piso, algo novedoso por el momento.<\/p>\n<p style=\"text-align: justify;\">Para m\u00e1s informaci\u00f3n:\u00a0<a href=\"http:\/\/www.busclassic.com\">http:\/\/www.busclassic.com<\/a><\/p>\n<p><div id='gallery-2' class='gallery galleryid-2127 gallery-columns-3 gallery-size-medium'><figure class='gallery-item'>\n\t\t\t<div class='gallery-icon landscape'>\n\t\t\t\t<a href='https:\/\/www.acemabcn.org\/es\/20160527\/vii-ral%c2%b7li-internacional-d-autobusos-classics\/muntatge-pl-tetuan-2\/'><img loading=\"lazy\" decoding=\"async\" width=\"300\" height=\"183\" src=\"https:\/\/www.acemabcn.org\/wp-content\/uploads\/2016\/05\/Muntatge-Pl.-Tetuan-300x183.png\" class=\"attachment-medium size-medium\" alt=\"\" srcset=\"https:\/\/www.acemabcn.org\/wp-content\/uploads\/2016\/05\/Muntatge-Pl.-Tetuan-300x183.png 300w, https:\/\/www.acemabcn.org\/wp-content\/uploads\/2016\/05\/Muntatge-Pl.-Tetuan-1024x625.png 1024w, https:\/\/www.acemabcn.org\/wp-content\/uploads\/2016\/05\/Muntatge-Pl.-Tetuan.png 1710w\" sizes=\"auto, (max-width: 300px) 100vw, 300px\" \/><\/a>\n\t\t\t<\/div><\/figure><figure class='gallery-item'>\n\t\t\t<div class='gallery-icon landscape'>\n\t\t\t\t<a href='https:\/\/www.acemabcn.org\/es\/20160527\/vii-ral%c2%b7li-internacional-d-autobusos-classics\/muntage-fira-2\/'><img loading=\"lazy\" decoding=\"async\" width=\"300\" height=\"141\" src=\"https:\/\/www.acemabcn.org\/wp-content\/uploads\/2016\/05\/Muntage-Fira-300x141.png\" class=\"attachment-medium size-medium\" alt=\"\" srcset=\"https:\/\/www.acemabcn.org\/wp-content\/uploads\/2016\/05\/Muntage-Fira-300x141.png 300w, https:\/\/www.acemabcn.org\/wp-content\/uploads\/2016\/05\/Muntage-Fira-1024x482.png 1024w, https:\/\/www.acemabcn.org\/wp-content\/uploads\/2016\/05\/Muntage-Fira.png 1063w\" sizes=\"auto, (max-width: 300px) 100vw, 300px\" \/><\/a>\n\t\t\t<\/div><\/figure><figure class='gallery-item'>\n\t\t\t<div class='gallery-icon landscape'>\n\t\t\t\t<a href='https:\/\/www.acemabcn.org\/es\/20160527\/vii-ral%c2%b7li-internacional-d-autobusos-classics\/portada\/'><img loading=\"lazy\" decoding=\"async\" width=\"300\" height=\"225\" src=\"https:\/\/www.acemabcn.org\/wp-content\/uploads\/2016\/05\/Portada-300x225.jpg\" class=\"attachment-medium size-medium\" alt=\"\" srcset=\"https:\/\/www.acemabcn.org\/wp-content\/uploads\/2016\/05\/Portada-300x225.jpg 300w, https:\/\/www.acemabcn.org\/wp-content\/uploads\/2016\/05\/Portada.jpg 1024w\" sizes=\"auto, (max-width: 300px) 100vw, 300px\" \/><\/a>\n\t\t\t<\/div><\/figure>\n\t\t<\/div>\n<\/p>","protected":false},"excerpt":{"rendered":"<p><span class=\"more-wrapper\"><a class=\"more-link button\" href=\"https:\/\/www.acemabcn.org\/es\/20160527\/vii-ral%c2%b7li-internacional-d-autobusos-classics\/\">Seguir leyendo<\/a><\/span><\/p>\n","protected":false},"author":2,"featured_media":2130,"comment_status":"open","ping_status":"open","sticky":false,"template":"","format":"standard","meta":{"inline_featured_image":false,"_exactmetrics_skip_tracking":false,"_exactmetrics_sitenote_active":false,"_exactmetrics_sitenote_note":"","_exactmetrics_sitenote_category":0,"footnotes":""},"categories":[1],"tags":[],"class_list":["post-2127","post","type-post","status-publish","format-standard","has-post-thumbnail","hentry","category-general"],"_links":{"self":[{"href":"https:\/\/www.acemabcn.org\/es\/wp-json\/wp\/v2\/posts\/2127","targetHints":{"allow":["GET"]}}],"collection":[{"href":"https:\/\/www.acemabcn.org\/es\/wp-json\/wp\/v2\/posts"}],"about":[{"href":"https:\/\/www.acemabcn.org\/es\/wp-json\/wp\/v2\/types\/post"}],"author":[{"embeddable":true,"href":"https:\/\/www.acemabcn.org\/es\/wp-json\/wp\/v2\/users\/2"}],"replies":[{"embeddable":true,"href":"https:\/\/www.acemabcn.org\/es\/wp-json\/wp\/v2\/comments?post=2127"}],"version-history":[{"count":2,"href":"https:\/\/www.acemabcn.org\/es\/wp-json\/wp\/v2\/posts\/2127\/revisions"}],"predecessor-version":[{"id":2134,"href":"https:\/\/www.acemabcn.org\/es\/wp-json\/wp\/v2\/posts\/2127\/revisions\/2134"}],"wp:featuredmedia":[{"embeddable":true,"href":"https:\/\/www.acemabcn.org\/es\/wp-json\/wp\/v2\/media\/2130"}],"wp:attachment":[{"href":"https:\/\/www.acemabcn.org\/es\/wp-json\/wp\/v2\/media?parent=2127"}],"wp:term":[{"taxonomy":"category","embeddable":true,"href":"https:\/\/www.acemabcn.org\/es\/wp-json\/wp\/v2\/categories?post=2127"},{"taxonomy":"post_tag","embeddable":true,"href":"https:\/\/www.acemabcn.org\/es\/wp-json\/wp\/v2\/tags?post=2127"}],"curies":[{"name":"wp","href":"https:\/\/api.w.org\/{rel}","templated":true}]}}