{"id":2136,"date":"2016-05-30T15:10:06","date_gmt":"2016-05-30T15:10:06","guid":{"rendered":"http:\/\/www.acemabcn.org\/?p=2136"},"modified":"2016-07-10T12:42:33","modified_gmt":"2016-07-10T12:42:33","slug":"barcelona-50-anys-darticulats","status":"publish","type":"post","link":"https:\/\/www.acemabcn.org\/es\/20160530\/barcelona-50-anys-darticulats\/","title":{"rendered":"Barcelona, 50 a\u00f1os de articulados"},"content":{"rendered":"<p>El pasado fin de semana, <strong>ACEMA<\/strong> particip\u00f3 en el <strong>Rally internacional de autobuses cl\u00e1sicos<\/strong>. Los socios de la entidad organizaron, junto con la <strong>Fundaci\u00f3 TMB<\/strong>, una exposici\u00f3n para conmemorar los 50 a\u00f1os de articulados en Barcelona.<\/p>\n<p style=\"text-align: justify;\">Si miramos atr\u00e1s, podemos ver que en 1965, empez\u00f3 a circular por Barcelona el primer autob\u00fas articulado en fase de pruebas, y entraron definitivamente en la flota un gran lote de veh\u00edculos en el a\u00f1o 1967. Hoy en d\u00eda, cincuenta a\u00f1os despu\u00e9s, no s\u00f3lo tenemos una buena parte de la flota con autobuses articulados, sino que hemos evolucionado tecnol\u00f3gicamente y ya podemos hablar de autobuses biarticulados. Una evoluci\u00f3n que los visitantes del Rally pudieron ver en la exposici\u00f3n.<\/p>\n<p>Adem\u00e1s, muchos socios de la entidad participaron como voluntarios en la exposici\u00f3n est\u00e1tica de veh\u00edculos, en una jornada festiva y amena.<\/p>\n<p><div id='gallery-2' class='gallery galleryid-2136 gallery-columns-3 gallery-size-medium'><figure class='gallery-item'>\n\t\t\t<div class='gallery-icon landscape'>\n\t\t\t\t<a href='https:\/\/www.acemabcn.org\/es\/20160530\/barcelona-50-anys-darticulats\/sony-dsc-58\/'><img loading=\"lazy\" decoding=\"async\" width=\"300\" height=\"225\" src=\"https:\/\/www.acemabcn.org\/wp-content\/uploads\/2016\/05\/DSC03202-300x225.jpg\" class=\"attachment-medium size-medium\" alt=\"\" aria-describedby=\"gallery-2-2152\" srcset=\"https:\/\/www.acemabcn.org\/wp-content\/uploads\/2016\/05\/DSC03202-300x225.jpg 300w, https:\/\/www.acemabcn.org\/wp-content\/uploads\/2016\/05\/DSC03202.jpg 1024w\" sizes=\"auto, (max-width: 300px) 100vw, 300px\" \/><\/a>\n\t\t\t<\/div>\n\t\t\t\t<figcaption class='wp-caption-text gallery-caption' id='gallery-2-2152'>\n\t\t\t\tVII Rally de Autobuses Cl\u00e1sicos\n\t\t\t\t<\/figcaption><\/figure><figure class='gallery-item'>\n\t\t\t<div class='gallery-icon landscape'>\n\t\t\t\t<a href='https:\/\/www.acemabcn.org\/es\/20160530\/barcelona-50-anys-darticulats\/muntatge-pl-tetuan\/'><img loading=\"lazy\" decoding=\"async\" width=\"300\" height=\"225\" src=\"https:\/\/www.acemabcn.org\/wp-content\/uploads\/2016\/05\/Muntatge-Pl.-Tetuan-300x225.jpg\" class=\"attachment-medium size-medium\" alt=\"\" srcset=\"https:\/\/www.acemabcn.org\/wp-content\/uploads\/2016\/05\/Muntatge-Pl.-Tetuan-300x225.jpg 300w, https:\/\/www.acemabcn.org\/wp-content\/uploads\/2016\/05\/Muntatge-Pl.-Tetuan.jpg 1024w\" sizes=\"auto, (max-width: 300px) 100vw, 300px\" \/><\/a>\n\t\t\t<\/div><\/figure><figure class='gallery-item'>\n\t\t\t<div class='gallery-icon landscape'>\n\t\t\t\t<a href='https:\/\/www.acemabcn.org\/es\/20160530\/barcelona-50-anys-darticulats\/sony-dsc-59\/'><img loading=\"lazy\" decoding=\"async\" width=\"300\" height=\"225\" src=\"https:\/\/www.acemabcn.org\/wp-content\/uploads\/2016\/05\/DSC03208-300x225.jpg\" class=\"attachment-medium size-medium\" alt=\"\" aria-describedby=\"gallery-2-2153\" srcset=\"https:\/\/www.acemabcn.org\/wp-content\/uploads\/2016\/05\/DSC03208-300x225.jpg 300w, https:\/\/www.acemabcn.org\/wp-content\/uploads\/2016\/05\/DSC03208.jpg 1024w\" sizes=\"auto, (max-width: 300px) 100vw, 300px\" \/><\/a>\n\t\t\t<\/div>\n\t\t\t\t<figcaption class='wp-caption-text gallery-caption' id='gallery-2-2153'>\n\t\t\t\tVII Rally de Autobuses Cl\u00e1sicos\n\t\t\t\t<\/figcaption><\/figure>\n\t\t<\/div>\n<\/p>","protected":false},"excerpt":{"rendered":"<p><span class=\"more-wrapper\"><a class=\"more-link button\" href=\"https:\/\/www.acemabcn.org\/es\/20160530\/barcelona-50-anys-darticulats\/\">Seguir leyendo<\/a><\/span><\/p>\n","protected":false},"author":1,"featured_media":2155,"comment_status":"open","ping_status":"open","sticky":false,"template":"","format":"standard","meta":{"inline_featured_image":false,"_exactmetrics_skip_tracking":false,"_exactmetrics_sitenote_active":false,"_exactmetrics_sitenote_note":"","_exactmetrics_sitenote_category":0,"footnotes":""},"categories":[1],"tags":[],"class_list":["post-2136","post","type-post","status-publish","format-standard","has-post-thumbnail","hentry","category-general"],"_links":{"self":[{"href":"https:\/\/www.acemabcn.org\/es\/wp-json\/wp\/v2\/posts\/2136","targetHints":{"allow":["GET"]}}],"collection":[{"href":"https:\/\/www.acemabcn.org\/es\/wp-json\/wp\/v2\/posts"}],"about":[{"href":"https:\/\/www.acemabcn.org\/es\/wp-json\/wp\/v2\/types\/post"}],"author":[{"embeddable":true,"href":"https:\/\/www.acemabcn.org\/es\/wp-json\/wp\/v2\/users\/1"}],"replies":[{"embeddable":true,"href":"https:\/\/www.acemabcn.org\/es\/wp-json\/wp\/v2\/comments?post=2136"}],"version-history":[{"count":5,"href":"https:\/\/www.acemabcn.org\/es\/wp-json\/wp\/v2\/posts\/2136\/revisions"}],"predecessor-version":[{"id":2161,"href":"https:\/\/www.acemabcn.org\/es\/wp-json\/wp\/v2\/posts\/2136\/revisions\/2161"}],"wp:featuredmedia":[{"embeddable":true,"href":"https:\/\/www.acemabcn.org\/es\/wp-json\/wp\/v2\/media\/2155"}],"wp:attachment":[{"href":"https:\/\/www.acemabcn.org\/es\/wp-json\/wp\/v2\/media?parent=2136"}],"wp:term":[{"taxonomy":"category","embeddable":true,"href":"https:\/\/www.acemabcn.org\/es\/wp-json\/wp\/v2\/categories?post=2136"},{"taxonomy":"post_tag","embeddable":true,"href":"https:\/\/www.acemabcn.org\/es\/wp-json\/wp\/v2\/tags?post=2136"}],"curies":[{"name":"wp","href":"https:\/\/api.w.org\/{rel}","templated":true}]}}