{"id":2162,"date":"2016-07-09T15:08:14","date_gmt":"2016-07-09T15:08:14","guid":{"rendered":"http:\/\/www.acemabcn.org\/?p=2162"},"modified":"2016-07-17T16:50:46","modified_gmt":"2016-07-17T16:50:46","slug":"20-anys-daquell-bus-10","status":"publish","type":"post","link":"https:\/\/www.acemabcn.org\/es\/20160709\/20-anys-daquell-bus-10\/","title":{"rendered":"20 a\u00f1os de aquel bus 10"},"content":{"rendered":"<p><\/p>\n<p style=\"text-align: justify;\">Hoy d\u00eda 9 de julio hace 20 a\u00f1os que se puso en circulaci\u00f3n la l\u00ednea 10 de bus, una l\u00ednea que enlaz\u00f3 mar y monta\u00f1a a trav\u00e9s de sus terminales de Pg. Maritim y Montbau.<\/p>\n<p style=\"text-align: justify;\">El programa de movilidad SERT (S\u00edntesis de Extensi\u00f3n y Renovaci\u00f3n del Transporte 1996-2001) empezaba a ser una realidad con la aplicaci\u00f3n de sus etapas (aunque algunas no se aplicaron hasta finales del a\u00f1o 2002), y la puesta en marcha del bus 10 fue seguramente la m\u00e1s importante de todo el programa.<\/p>\n<p style=\"text-align: justify;\">La creaci\u00f3n del 10 supon\u00eda, de entrada, la retirada de la l\u00ednea de bus 401, una l\u00ednea que uni\u00f3 la Rambla del Carmel con la estaci\u00f3n de Metro Alfonso X, a trav\u00e9s del t\u00fanel de la Rovira. La 401 siempre hab\u00eda sido una l\u00ednea muy reclamada por los vecinos del barrio de la Vall d&#8217;Hebron y Montbau, y TMB tuvo la previsi\u00f3n de alargarla con motivo de la celebraci\u00f3n de los Juegos de 1992 hasta estos barrios, a\u00fan as\u00ed , nunca se realiz\u00f3. En 1995 segu\u00eda la idea de ampliar la l\u00ednea pero esta vez por los dos extremos, por un lado alargarla hasta Montbau y por la otra ampliarla hasta la Barceloneta.<\/p>\n<p style=\"text-align: justify;\">El 8 de julio de 1996 fue el \u00faltimo d\u00eda que circul\u00f3 \u00a0la l\u00ednea 401, ya que dentro del programa SERT se contemplaba la creaci\u00f3n de una\u00a0nueva l\u00ednea de bus, el 10, que finalmente, a partir del d\u00eda 9 de julio unir\u00eda los barrios de Montbau y Pg. Mar\u00edtimo en poco m\u00e1s de 50 minutos, a trav\u00e9s de la Vall d&#8217;Hebron, el Carmelo, el t\u00fanel de la Rovira, la Sagrada Familia, la Monumental y el Puerto Ol\u00edmpico.<\/p>\n<p style=\"text-align: justify;\">Los medios de comunicaci\u00f3n de entonces, en este caso la prensa, notaban que el 10 ser\u00eda en poco tiempo una l\u00ednea muy utilizada, y parece que no fallaron. Los veranos la l\u00ednea se tuvo que dotar de autobuses articulados, ya que el acceso a la playa para todas esas personas que no ten\u00edan antes del 10 no exist\u00eda, y se pudieron beneficiar. A partir de 2005 la l\u00ednea va a pasar a circular con autobuses articulados todos los d\u00edas del a\u00f1o, y en 2012 fue una de las primeras l\u00edneas de la Nueva Red de Bus recibiendo el nombre de V21. Parece que los periodistas acertaron.<\/p>\n<p style=\"text-align: justify;\">Con la puesta en marcha del 10, se creaban un total de 18km y 900 metros m\u00e1s de recorrido entre ida y vuelta, que se sumaban a los kil\u00f3metros existentes de la red de bus de Barcelona. La l\u00ednea comenz\u00f3 a ser explotada desde el CON de Levante, siendo trasladada a la de Horta cuando \u00e9ste cerr\u00f3. Actualmente circula con el nombre de V21, con un servicio r\u00e1pido, eficaz y atractivo de cara al usuario con autobuses de altas prestaciones, siendo una de las l\u00edneas de la nueva red de bus de TMB.<\/p>\n<p>Recortes de prensa \u00abLa Vanguardia\u00bb\u00a0<a href=\"http:\/\/www.acemabcn.org\/wp-content\/uploads\/2016\/07\/10-julio-1996.pdf\">10 julio 1996<\/a>\u00a0y\u00a0<a href=\"http:\/\/www.acemabcn.org\/wp-content\/uploads\/2016\/07\/9-julio-1996.pdf\">9 julio 1996<\/a><\/p>\n<p><div id='gallery-2' class='gallery galleryid-2162 gallery-columns-3 gallery-size-medium'><figure class='gallery-item'>\n\t\t\t<div class='gallery-icon landscape'>\n\t\t\t\t<a href='https:\/\/www.acemabcn.org\/wp-content\/uploads\/2016\/07\/401.jpg'><img loading=\"lazy\" decoding=\"async\" width=\"300\" height=\"215\" src=\"https:\/\/www.acemabcn.org\/wp-content\/uploads\/2016\/07\/401-300x215.jpg\" class=\"attachment-medium size-medium\" alt=\"\" aria-describedby=\"gallery-2-2168\" srcset=\"https:\/\/www.acemabcn.org\/wp-content\/uploads\/2016\/07\/401-300x215.jpg 300w, https:\/\/www.acemabcn.org\/wp-content\/uploads\/2016\/07\/401.jpg 1024w\" sizes=\"auto, (max-width: 300px) 100vw, 300px\" \/><\/a>\n\t\t\t<\/div>\n\t\t\t\t<figcaption class='wp-caption-text gallery-caption' id='gallery-2-2168'>\n\t\t\t\t\u00daltim dia de circulaci\u00f3 del al \u00ednia 401\n\t\t\t\t<\/figcaption><\/figure><figure class='gallery-item'>\n\t\t\t<div class='gallery-icon portrait'>\n\t\t\t\t<a href='https:\/\/www.acemabcn.org\/wp-content\/uploads\/2016\/07\/1-Portada-i-contraportada.jpg'><img loading=\"lazy\" decoding=\"async\" width=\"268\" height=\"300\" src=\"https:\/\/www.acemabcn.org\/wp-content\/uploads\/2016\/07\/1-Portada-i-contraportada-268x300.jpg\" class=\"attachment-medium size-medium\" alt=\"\" aria-describedby=\"gallery-2-2163\" srcset=\"https:\/\/www.acemabcn.org\/wp-content\/uploads\/2016\/07\/1-Portada-i-contraportada-268x300.jpg 268w, https:\/\/www.acemabcn.org\/wp-content\/uploads\/2016\/07\/1-Portada-i-contraportada.jpg 687w\" sizes=\"auto, (max-width: 268px) 100vw, 268px\" \/><\/a>\n\t\t\t<\/div>\n\t\t\t\t<figcaption class='wp-caption-text gallery-caption' id='gallery-2-2163'>\n\t\t\t\tFullet nou bus 10\n\t\t\t\t<\/figcaption><\/figure><figure class='gallery-item'>\n\t\t\t<div class='gallery-icon portrait'>\n\t\t\t\t<a href='https:\/\/www.acemabcn.org\/wp-content\/uploads\/2016\/07\/2-Primera-cara-interior.jpg'><img loading=\"lazy\" decoding=\"async\" width=\"264\" height=\"300\" src=\"https:\/\/www.acemabcn.org\/wp-content\/uploads\/2016\/07\/2-Primera-cara-interior-264x300.jpg\" class=\"attachment-medium size-medium\" alt=\"\" aria-describedby=\"gallery-2-2164\" srcset=\"https:\/\/www.acemabcn.org\/wp-content\/uploads\/2016\/07\/2-Primera-cara-interior-264x300.jpg 264w, https:\/\/www.acemabcn.org\/wp-content\/uploads\/2016\/07\/2-Primera-cara-interior.jpg 676w\" sizes=\"auto, (max-width: 264px) 100vw, 264px\" \/><\/a>\n\t\t\t<\/div>\n\t\t\t\t<figcaption class='wp-caption-text gallery-caption' id='gallery-2-2164'>\n\t\t\t\tFullet nou bus 10\n\t\t\t\t<\/figcaption><\/figure><figure class='gallery-item'>\n\t\t\t<div class='gallery-icon landscape'>\n\t\t\t\t<a href='https:\/\/www.acemabcn.org\/wp-content\/uploads\/2016\/07\/3-Cara-interior-gran.jpg'><img loading=\"lazy\" decoding=\"async\" width=\"300\" height=\"168\" src=\"https:\/\/www.acemabcn.org\/wp-content\/uploads\/2016\/07\/3-Cara-interior-gran-300x168.jpg\" class=\"attachment-medium size-medium\" alt=\"\" aria-describedby=\"gallery-2-2165\" srcset=\"https:\/\/www.acemabcn.org\/wp-content\/uploads\/2016\/07\/3-Cara-interior-gran-300x168.jpg 300w, https:\/\/www.acemabcn.org\/wp-content\/uploads\/2016\/07\/3-Cara-interior-gran.jpg 1024w\" sizes=\"auto, (max-width: 300px) 100vw, 300px\" \/><\/a>\n\t\t\t<\/div>\n\t\t\t\t<figcaption class='wp-caption-text gallery-caption' id='gallery-2-2165'>\n\t\t\t\tfullet nou bus 10\n\t\t\t\t<\/figcaption><\/figure><figure class='gallery-item'>\n\t\t\t<div class='gallery-icon landscape'>\n\t\t\t\t<a href='https:\/\/www.acemabcn.org\/wp-content\/uploads\/2016\/07\/10_7.jpg'><img loading=\"lazy\" decoding=\"async\" width=\"300\" height=\"178\" src=\"https:\/\/www.acemabcn.org\/wp-content\/uploads\/2016\/07\/10_7-300x178.jpg\" class=\"attachment-medium size-medium\" alt=\"\" aria-describedby=\"gallery-2-2167\" srcset=\"https:\/\/www.acemabcn.org\/wp-content\/uploads\/2016\/07\/10_7-300x178.jpg 300w, https:\/\/www.acemabcn.org\/wp-content\/uploads\/2016\/07\/10_7.jpg 1024w\" sizes=\"auto, (max-width: 300px) 100vw, 300px\" \/><\/a>\n\t\t\t<\/div>\n\t\t\t\t<figcaption class='wp-caption-text gallery-caption' id='gallery-2-2167'>\n\t\t\t\tPrimer autob\u00fas de la l\u00ednia 10 al terminal de Montbau\n\t\t\t\t<\/figcaption><\/figure><figure class='gallery-item'>\n\t\t\t<div class='gallery-icon portrait'>\n\t\t\t\t<a href='https:\/\/www.acemabcn.org\/wp-content\/uploads\/2016\/07\/10_6.jpg'><img loading=\"lazy\" decoding=\"async\" width=\"255\" height=\"300\" src=\"https:\/\/www.acemabcn.org\/wp-content\/uploads\/2016\/07\/10_6-255x300.jpg\" class=\"attachment-medium size-medium\" alt=\"\" aria-describedby=\"gallery-2-2166\" srcset=\"https:\/\/www.acemabcn.org\/wp-content\/uploads\/2016\/07\/10_6-255x300.jpg 255w, https:\/\/www.acemabcn.org\/wp-content\/uploads\/2016\/07\/10_6.jpg 768w\" sizes=\"auto, (max-width: 255px) 100vw, 255px\" \/><\/a>\n\t\t\t<\/div>\n\t\t\t\t<figcaption class='wp-caption-text gallery-caption' id='gallery-2-2166'>\n\t\t\t\tRellotge al terminal de montbau\n\t\t\t\t<\/figcaption><\/figure><figure class='gallery-item'>\n\t\t\t<div class='gallery-icon landscape'>\n\t\t\t\t<a href='https:\/\/www.acemabcn.org\/wp-content\/uploads\/2016\/07\/img20160707_14470953.jpg'><img loading=\"lazy\" decoding=\"async\" width=\"300\" height=\"197\" src=\"https:\/\/www.acemabcn.org\/wp-content\/uploads\/2016\/07\/img20160707_14470953-300x197.jpg\" class=\"attachment-medium size-medium\" alt=\"\" aria-describedby=\"gallery-2-2171\" srcset=\"https:\/\/www.acemabcn.org\/wp-content\/uploads\/2016\/07\/img20160707_14470953-300x197.jpg 300w, https:\/\/www.acemabcn.org\/wp-content\/uploads\/2016\/07\/img20160707_14470953.jpg 1024w\" sizes=\"auto, (max-width: 300px) 100vw, 300px\" \/><\/a>\n\t\t\t<\/div>\n\t\t\t\t<figcaption class='wp-caption-text gallery-caption' id='gallery-2-2171'>\n\t\t\t\tPrimers articulats de la l\u00ednia 10\n\t\t\t\t<\/figcaption><\/figure><figure class='gallery-item'>\n\t\t\t<div class='gallery-icon landscape'>\n\t\t\t\t<a href='https:\/\/www.acemabcn.org\/wp-content\/uploads\/2016\/07\/DSC02996.jpg'><img loading=\"lazy\" decoding=\"async\" width=\"300\" height=\"200\" src=\"https:\/\/www.acemabcn.org\/wp-content\/uploads\/2016\/07\/DSC02996-300x200.jpg\" class=\"attachment-medium size-medium\" alt=\"\" aria-describedby=\"gallery-2-2169\" srcset=\"https:\/\/www.acemabcn.org\/wp-content\/uploads\/2016\/07\/DSC02996-300x200.jpg 300w, https:\/\/www.acemabcn.org\/wp-content\/uploads\/2016\/07\/DSC02996.jpg 1024w, https:\/\/www.acemabcn.org\/wp-content\/uploads\/2016\/07\/DSC02996-272x182.jpg 272w\" sizes=\"auto, (max-width: 300px) 100vw, 300px\" \/><\/a>\n\t\t\t<\/div>\n\t\t\t\t<figcaption class='wp-caption-text gallery-caption' id='gallery-2-2169'>\n\t\t\t\tBus V21 al pont de Marina\n\t\t\t\t<\/figcaption><\/figure><figure class='gallery-item'>\n\t\t\t<div class='gallery-icon landscape'>\n\t\t\t\t<a href='https:\/\/www.acemabcn.org\/wp-content\/uploads\/2016\/07\/DSC03349.jpg'><img loading=\"lazy\" decoding=\"async\" width=\"300\" height=\"200\" src=\"https:\/\/www.acemabcn.org\/wp-content\/uploads\/2016\/07\/DSC03349-300x200.jpg\" class=\"attachment-medium size-medium\" alt=\"\" aria-describedby=\"gallery-2-2170\" srcset=\"https:\/\/www.acemabcn.org\/wp-content\/uploads\/2016\/07\/DSC03349-300x200.jpg 300w, https:\/\/www.acemabcn.org\/wp-content\/uploads\/2016\/07\/DSC03349.jpg 1024w, https:\/\/www.acemabcn.org\/wp-content\/uploads\/2016\/07\/DSC03349-272x182.jpg 272w\" sizes=\"auto, (max-width: 300px) 100vw, 300px\" \/><\/a>\n\t\t\t<\/div>\n\t\t\t\t<figcaption class='wp-caption-text gallery-caption' id='gallery-2-2170'>\n\t\t\t\tBus V21 d&#8217; altes prestacions al terminal de Pg. Maritim\n\t\t\t\t<\/figcaption><\/figure>\n\t\t<\/div>\n<\/p>","protected":false},"excerpt":{"rendered":"<p><span class=\"more-wrapper\"><a class=\"more-link button\" href=\"https:\/\/www.acemabcn.org\/es\/20160709\/20-anys-daquell-bus-10\/\">Seguir leyendo<\/a><\/span><\/p>\n","protected":false},"author":2,"featured_media":2167,"comment_status":"open","ping_status":"open","sticky":false,"template":"","format":"standard","meta":{"inline_featured_image":false,"_exactmetrics_skip_tracking":false,"_exactmetrics_sitenote_active":false,"_exactmetrics_sitenote_note":"","_exactmetrics_sitenote_category":0,"footnotes":""},"categories":[1],"tags":[],"class_list":["post-2162","post","type-post","status-publish","format-standard","has-post-thumbnail","hentry","category-general"],"_links":{"self":[{"href":"https:\/\/www.acemabcn.org\/es\/wp-json\/wp\/v2\/posts\/2162","targetHints":{"allow":["GET"]}}],"collection":[{"href":"https:\/\/www.acemabcn.org\/es\/wp-json\/wp\/v2\/posts"}],"about":[{"href":"https:\/\/www.acemabcn.org\/es\/wp-json\/wp\/v2\/types\/post"}],"author":[{"embeddable":true,"href":"https:\/\/www.acemabcn.org\/es\/wp-json\/wp\/v2\/users\/2"}],"replies":[{"embeddable":true,"href":"https:\/\/www.acemabcn.org\/es\/wp-json\/wp\/v2\/comments?post=2162"}],"version-history":[{"count":6,"href":"https:\/\/www.acemabcn.org\/es\/wp-json\/wp\/v2\/posts\/2162\/revisions"}],"predecessor-version":[{"id":2192,"href":"https:\/\/www.acemabcn.org\/es\/wp-json\/wp\/v2\/posts\/2162\/revisions\/2192"}],"wp:featuredmedia":[{"embeddable":true,"href":"https:\/\/www.acemabcn.org\/es\/wp-json\/wp\/v2\/media\/2167"}],"wp:attachment":[{"href":"https:\/\/www.acemabcn.org\/es\/wp-json\/wp\/v2\/media?parent=2162"}],"wp:term":[{"taxonomy":"category","embeddable":true,"href":"https:\/\/www.acemabcn.org\/es\/wp-json\/wp\/v2\/categories?post=2162"},{"taxonomy":"post_tag","embeddable":true,"href":"https:\/\/www.acemabcn.org\/es\/wp-json\/wp\/v2\/tags?post=2162"}],"curies":[{"name":"wp","href":"https:\/\/api.w.org\/{rel}","templated":true}]}}