{"id":2200,"date":"2016-07-24T17:07:52","date_gmt":"2016-07-24T17:07:52","guid":{"rendered":"http:\/\/www.acemabcn.org\/?p=2200"},"modified":"2016-07-24T17:07:52","modified_gmt":"2016-07-24T17:07:52","slug":"comenca-a-circular-el-tren-commemoratiu-del-90e-aniversari-del-metro-transversal","status":"publish","type":"post","link":"https:\/\/www.acemabcn.org\/es\/20160724\/comenca-a-circular-el-tren-commemoratiu-del-90e-aniversari-del-metro-transversal\/","title":{"rendered":"Empieza a circular el tren conmemorativo del 90 aniversario del Metro Transversal"},"content":{"rendered":"<p><\/p>\n<p style=\"text-align: justify;\">La tarde del mi\u00e9rcoles d\u00eda 20 de julio la Fundaci\u00f3n TMB y CAF presentaron en la antigua estaci\u00f3n de Bordeta un tren especial que quiere conmemorar los 90 a\u00f1os del Transversal. Este tren de la serie 4000 vinilado como los primeros trenes de la serie 100 comenz\u00f3 a circular dentro del carrusel de la l\u00ednea 1 del metro esa misma tarde.<\/p>\n<p style=\"text-align: justify;\">Adem\u00e1s de estar vinilado exteriormente, el metro tambi\u00e9n est\u00e1 decorado interiormente con una exposici\u00f3n fotogr\u00e1fica en las ventanas sobre el Transversal.<\/p>\n<p>El Ferrocarril Metropolitano Transversal encarg\u00f3 para la inauguraci\u00f3n 10 automotores el\u00e9ctricos de grandes dimensiones, que posteriormente se ampliaron a 12, a la sociedad barcelonesa Material para Ferrocarriles y Contrucciones, S.A. Los nuevos veh\u00edculos, de 22 metros de longitud, fueron hasta el a\u00f1o 1962 los coches de metro m\u00e1s grandes del mundo.<\/p>\n<p style=\"text-align: justify;\">Durante las dos primeras d\u00e9cadas, el servicio de la l\u00ednea se dio exclusivamente con este material de la serie 100, de modo que circulaban trenes de un solo coche debido a su gran capacidad. Igualmente, esta serie circul\u00f3 por la l\u00ednea 1 hasta los a\u00f1os 70, y a lo largo de \u00e9sta d\u00e9cada se fue retirando del servicio.<\/p>\n<p><div id='gallery-2' class='gallery galleryid-2200 gallery-columns-3 gallery-size-medium'><figure class='gallery-item'>\n\t\t\t<div class='gallery-icon landscape'>\n\t\t\t\t<a href='https:\/\/www.acemabcn.org\/wp-content\/uploads\/2016\/07\/DSC04690.jpg'><img loading=\"lazy\" decoding=\"async\" width=\"300\" height=\"225\" src=\"https:\/\/www.acemabcn.org\/wp-content\/uploads\/2016\/07\/DSC04690-300x225.jpg\" class=\"attachment-medium size-medium\" alt=\"\" aria-describedby=\"gallery-2-2201\" srcset=\"https:\/\/www.acemabcn.org\/wp-content\/uploads\/2016\/07\/DSC04690-300x225.jpg 300w, https:\/\/www.acemabcn.org\/wp-content\/uploads\/2016\/07\/DSC04690.jpg 1024w\" sizes=\"auto, (max-width: 300px) 100vw, 300px\" \/><\/a>\n\t\t\t<\/div>\n\t\t\t\t<figcaption class='wp-caption-text gallery-caption' id='gallery-2-2201'>\n\t\t\t\tBenvinguda dels convidats al pati de les instal\u00b7lacions a Sta. Eul\u00e0lia\n\t\t\t\t<\/figcaption><\/figure><figure class='gallery-item'>\n\t\t\t<div class='gallery-icon landscape'>\n\t\t\t\t<a href='https:\/\/www.acemabcn.org\/wp-content\/uploads\/2016\/07\/DSC04706.jpg'><img loading=\"lazy\" decoding=\"async\" width=\"300\" height=\"225\" src=\"https:\/\/www.acemabcn.org\/wp-content\/uploads\/2016\/07\/DSC04706-300x225.jpg\" class=\"attachment-medium size-medium\" alt=\"\" aria-describedby=\"gallery-2-2202\" srcset=\"https:\/\/www.acemabcn.org\/wp-content\/uploads\/2016\/07\/DSC04706-300x225.jpg 300w, https:\/\/www.acemabcn.org\/wp-content\/uploads\/2016\/07\/DSC04706.jpg 1024w\" sizes=\"auto, (max-width: 300px) 100vw, 300px\" \/><\/a>\n\t\t\t<\/div>\n\t\t\t\t<figcaption class='wp-caption-text gallery-caption' id='gallery-2-2202'>\n\t\t\t\tTren s\u00e8rie 4000 vinilat\n\t\t\t\t<\/figcaption><\/figure><figure class='gallery-item'>\n\t\t\t<div class='gallery-icon landscape'>\n\t\t\t\t<a href='https:\/\/www.acemabcn.org\/wp-content\/uploads\/2016\/07\/DSC04709.jpg'><img loading=\"lazy\" decoding=\"async\" width=\"300\" height=\"225\" src=\"https:\/\/www.acemabcn.org\/wp-content\/uploads\/2016\/07\/DSC04709-300x225.jpg\" class=\"attachment-medium size-medium\" alt=\"\" aria-describedby=\"gallery-2-2203\" srcset=\"https:\/\/www.acemabcn.org\/wp-content\/uploads\/2016\/07\/DSC04709-300x225.jpg 300w, https:\/\/www.acemabcn.org\/wp-content\/uploads\/2016\/07\/DSC04709.jpg 1024w\" sizes=\"auto, (max-width: 300px) 100vw, 300px\" \/><\/a>\n\t\t\t<\/div>\n\t\t\t\t<figcaption class='wp-caption-text gallery-caption' id='gallery-2-2203'>\n\t\t\t\tTren s\u00e8rie 4000 vinilat a l&#8217;antiga estaci\u00f3 de Bordeta\n\t\t\t\t<\/figcaption><\/figure><figure class='gallery-item'>\n\t\t\t<div class='gallery-icon landscape'>\n\t\t\t\t<a href='https:\/\/www.acemabcn.org\/wp-content\/uploads\/2016\/07\/DSC04710.jpg'><img loading=\"lazy\" decoding=\"async\" width=\"300\" height=\"225\" src=\"https:\/\/www.acemabcn.org\/wp-content\/uploads\/2016\/07\/DSC04710-300x225.jpg\" class=\"attachment-medium size-medium\" alt=\"\" aria-describedby=\"gallery-2-2204\" srcset=\"https:\/\/www.acemabcn.org\/wp-content\/uploads\/2016\/07\/DSC04710-300x225.jpg 300w, https:\/\/www.acemabcn.org\/wp-content\/uploads\/2016\/07\/DSC04710.jpg 1024w\" sizes=\"auto, (max-width: 300px) 100vw, 300px\" \/><\/a>\n\t\t\t<\/div>\n\t\t\t\t<figcaption class='wp-caption-text gallery-caption' id='gallery-2-2204'>\n\t\t\t\tImatges interiors\n\t\t\t\t<\/figcaption><\/figure><figure class='gallery-item'>\n\t\t\t<div class='gallery-icon landscape'>\n\t\t\t\t<a href='https:\/\/www.acemabcn.org\/wp-content\/uploads\/2016\/07\/DSC04711.jpg'><img loading=\"lazy\" decoding=\"async\" width=\"300\" height=\"225\" src=\"https:\/\/www.acemabcn.org\/wp-content\/uploads\/2016\/07\/DSC04711-300x225.jpg\" class=\"attachment-medium size-medium\" alt=\"\" aria-describedby=\"gallery-2-2205\" srcset=\"https:\/\/www.acemabcn.org\/wp-content\/uploads\/2016\/07\/DSC04711-300x225.jpg 300w, https:\/\/www.acemabcn.org\/wp-content\/uploads\/2016\/07\/DSC04711.jpg 1024w\" sizes=\"auto, (max-width: 300px) 100vw, 300px\" \/><\/a>\n\t\t\t<\/div>\n\t\t\t\t<figcaption class='wp-caption-text gallery-caption' id='gallery-2-2205'>\n\t\t\t\tImatges interiors\n\t\t\t\t<\/figcaption><\/figure><figure class='gallery-item'>\n\t\t\t<div class='gallery-icon landscape'>\n\t\t\t\t<a href='https:\/\/www.acemabcn.org\/wp-content\/uploads\/2016\/07\/DSC04713.jpg'><img loading=\"lazy\" decoding=\"async\" width=\"300\" height=\"225\" src=\"https:\/\/www.acemabcn.org\/wp-content\/uploads\/2016\/07\/DSC04713-300x225.jpg\" class=\"attachment-medium size-medium\" alt=\"\" aria-describedby=\"gallery-2-2206\" srcset=\"https:\/\/www.acemabcn.org\/wp-content\/uploads\/2016\/07\/DSC04713-300x225.jpg 300w, https:\/\/www.acemabcn.org\/wp-content\/uploads\/2016\/07\/DSC04713.jpg 1024w\" sizes=\"auto, (max-width: 300px) 100vw, 300px\" \/><\/a>\n\t\t\t<\/div>\n\t\t\t\t<figcaption class='wp-caption-text gallery-caption' id='gallery-2-2206'>\n\t\t\t\tLa Sra. Mercedes Vidal, Presidenta de TMB als parlaments de la celebraci\u00f3\n\t\t\t\t<\/figcaption><\/figure>\n\t\t<\/div>\n<\/p>","protected":false},"excerpt":{"rendered":"<p><span class=\"more-wrapper\"><a class=\"more-link button\" href=\"https:\/\/www.acemabcn.org\/es\/20160724\/comenca-a-circular-el-tren-commemoratiu-del-90e-aniversari-del-metro-transversal\/\">Seguir leyendo<\/a><\/span><\/p>\n","protected":false},"author":2,"featured_media":2202,"comment_status":"open","ping_status":"open","sticky":false,"template":"","format":"standard","meta":{"inline_featured_image":false,"_exactmetrics_skip_tracking":false,"_exactmetrics_sitenote_active":false,"_exactmetrics_sitenote_note":"","_exactmetrics_sitenote_category":0,"footnotes":""},"categories":[1],"tags":[],"class_list":["post-2200","post","type-post","status-publish","format-standard","has-post-thumbnail","hentry","category-general"],"_links":{"self":[{"href":"https:\/\/www.acemabcn.org\/es\/wp-json\/wp\/v2\/posts\/2200","targetHints":{"allow":["GET"]}}],"collection":[{"href":"https:\/\/www.acemabcn.org\/es\/wp-json\/wp\/v2\/posts"}],"about":[{"href":"https:\/\/www.acemabcn.org\/es\/wp-json\/wp\/v2\/types\/post"}],"author":[{"embeddable":true,"href":"https:\/\/www.acemabcn.org\/es\/wp-json\/wp\/v2\/users\/2"}],"replies":[{"embeddable":true,"href":"https:\/\/www.acemabcn.org\/es\/wp-json\/wp\/v2\/comments?post=2200"}],"version-history":[{"count":1,"href":"https:\/\/www.acemabcn.org\/es\/wp-json\/wp\/v2\/posts\/2200\/revisions"}],"predecessor-version":[{"id":2207,"href":"https:\/\/www.acemabcn.org\/es\/wp-json\/wp\/v2\/posts\/2200\/revisions\/2207"}],"wp:featuredmedia":[{"embeddable":true,"href":"https:\/\/www.acemabcn.org\/es\/wp-json\/wp\/v2\/media\/2202"}],"wp:attachment":[{"href":"https:\/\/www.acemabcn.org\/es\/wp-json\/wp\/v2\/media?parent=2200"}],"wp:term":[{"taxonomy":"category","embeddable":true,"href":"https:\/\/www.acemabcn.org\/es\/wp-json\/wp\/v2\/categories?post=2200"},{"taxonomy":"post_tag","embeddable":true,"href":"https:\/\/www.acemabcn.org\/es\/wp-json\/wp\/v2\/tags?post=2200"}],"curies":[{"name":"wp","href":"https:\/\/api.w.org\/{rel}","templated":true}]}}