{"id":2964,"date":"2017-10-10T06:13:55","date_gmt":"2017-10-10T06:13:55","guid":{"rendered":"https:\/\/www.acemabcn.org\/?p=2964"},"modified":"2017-10-10T06:17:14","modified_gmt":"2017-10-10T06:17:14","slug":"dese-aniversari-del-metro-lleuger-de-madrid","status":"publish","type":"post","link":"https:\/\/www.acemabcn.org\/es\/20171010\/dese-aniversari-del-metro-lleuger-de-madrid\/","title":{"rendered":"D\u00e9cimo aniversario del Metro Ligero de Madrid"},"content":{"rendered":"<p>El Metro Ligero de Madrid celebra este a\u00f1o su d\u00e9cimo aniversario de funcionamiento, con unos datos muy positivos despu\u00e9s de su primera d\u00e9cada de explotaci\u00f3n. La creaci\u00f3n de este nuevo concepto de transporte en Madrid surge en\u00a0el a\u00f1o 2007, como resultado del desarrollo urban\u00edstico y de la expansi\u00f3n del \u00e1rea residencial en el entorno metropolitano de\u00a0la capital.<\/p>\n<p>Las caracter\u00edsticas demogr\u00e1ficas y urban\u00edsticas de las zonas inspiraron en crear un sistema de metro ligero para esta nueva infraestructura: Un h\u00edbrido que utiliza unidades de ferrocarril similares a las de un\u00a0tranv\u00eda, pero que aprovecha las caracter\u00edsticas de segregaci\u00f3n, frecuencia y alta capacidad de pasajeros de un metro convencional. As\u00ed, este trazado combina tramos en superficie, integrados en el paisaje urbano, con tramos soterrados por los que se atraviesan la autov\u00eda A-1 entre otros.<\/p>\n<p>Los trabajos de construcci\u00f3n de la\u00a0l\u00ednea 1\u00a0se iniciaron en diciembre de 2004 y finalizaron con la inauguraci\u00f3n del servicio el 24 de mayo de 2007. Paralelamente, se desarrollaron las actuaciones correspondientes a la\u00a0l\u00ednea 2\u00a0y a la\u00a0l\u00ednea 3, que tienen como objetivo conectar la red con los n\u00facleos urbanos de\u00a0Pozuelo de Alarc\u00f3n\u00a0y\u00a0Boadilla del Monte, al oeste de la ciudad de Madrid. Ambas l\u00edneas fueron inauguradas apenas unos meses despu\u00e9s de la l\u00ednea 1, el 27 de julio de 2007.<\/p>\n<p>Dentro de los actos de este aniversario se cre\u00f3 un concurso de dibujo infantil. Los dibujos ganadores se expusieron nada m\u00e1s y nada menos que en un tren que se rotul\u00f3 exteriormente para la conmemoraci\u00f3n de estos primeros 10 a\u00f1os de servicio.<\/p>\n<p><div id='gallery-2' class='gallery galleryid-2964 gallery-columns-3 gallery-size-medium'><figure class='gallery-item'>\n\t\t\t<div class='gallery-icon landscape'>\n\t\t\t\t<a href='https:\/\/www.acemabcn.org\/wp-content\/uploads\/2017\/10\/2017-tren-decimo-aniversario-MLO-2.jpg'><img loading=\"lazy\" decoding=\"async\" width=\"300\" height=\"59\" src=\"https:\/\/www.acemabcn.org\/wp-content\/uploads\/2017\/10\/2017-tren-decimo-aniversario-MLO-2-300x59.jpg\" class=\"attachment-medium size-medium\" alt=\"\" srcset=\"https:\/\/www.acemabcn.org\/wp-content\/uploads\/2017\/10\/2017-tren-decimo-aniversario-MLO-2-300x59.jpg 300w, https:\/\/www.acemabcn.org\/wp-content\/uploads\/2017\/10\/2017-tren-decimo-aniversario-MLO-2-1024x202.jpg 1024w\" sizes=\"auto, (max-width: 300px) 100vw, 300px\" \/><\/a>\n\t\t\t<\/div><\/figure><figure class='gallery-item'>\n\t\t\t<div class='gallery-icon landscape'>\n\t\t\t\t<a href='https:\/\/www.acemabcn.org\/wp-content\/uploads\/2017\/10\/trayecto-2-2.jpg'><img loading=\"lazy\" decoding=\"async\" width=\"300\" height=\"225\" src=\"https:\/\/www.acemabcn.org\/wp-content\/uploads\/2017\/10\/trayecto-2-2-300x225.jpg\" class=\"attachment-medium size-medium\" alt=\"\" srcset=\"https:\/\/www.acemabcn.org\/wp-content\/uploads\/2017\/10\/trayecto-2-2-300x225.jpg 300w, https:\/\/www.acemabcn.org\/wp-content\/uploads\/2017\/10\/trayecto-2-2.jpg 1024w\" sizes=\"auto, (max-width: 300px) 100vw, 300px\" \/><\/a>\n\t\t\t<\/div><\/figure><figure class='gallery-item'>\n\t\t\t<div class='gallery-icon landscape'>\n\t\t\t\t<a href='https:\/\/www.acemabcn.org\/wp-content\/uploads\/2017\/10\/trayecto-4-2.jpg'><img loading=\"lazy\" decoding=\"async\" width=\"300\" height=\"182\" src=\"https:\/\/www.acemabcn.org\/wp-content\/uploads\/2017\/10\/trayecto-4-2-300x182.jpg\" class=\"attachment-medium size-medium\" alt=\"\" srcset=\"https:\/\/www.acemabcn.org\/wp-content\/uploads\/2017\/10\/trayecto-4-2-300x182.jpg 300w, https:\/\/www.acemabcn.org\/wp-content\/uploads\/2017\/10\/trayecto-4-2.jpg 1024w\" sizes=\"auto, (max-width: 300px) 100vw, 300px\" \/><\/a>\n\t\t\t<\/div><\/figure>\n\t\t<\/div>\n<\/p>","protected":false},"excerpt":{"rendered":"<p><span class=\"more-wrapper\"><a class=\"more-link button\" href=\"https:\/\/www.acemabcn.org\/es\/20171010\/dese-aniversari-del-metro-lleuger-de-madrid\/\">Seguir leyendo<\/a><\/span><\/p>\n","protected":false},"author":2,"featured_media":2967,"comment_status":"open","ping_status":"open","sticky":false,"template":"","format":"standard","meta":{"inline_featured_image":false,"_exactmetrics_skip_tracking":false,"_exactmetrics_sitenote_active":false,"_exactmetrics_sitenote_note":"","_exactmetrics_sitenote_category":0,"footnotes":""},"categories":[1],"tags":[],"class_list":["post-2964","post","type-post","status-publish","format-standard","has-post-thumbnail","hentry","category-general"],"_links":{"self":[{"href":"https:\/\/www.acemabcn.org\/es\/wp-json\/wp\/v2\/posts\/2964","targetHints":{"allow":["GET"]}}],"collection":[{"href":"https:\/\/www.acemabcn.org\/es\/wp-json\/wp\/v2\/posts"}],"about":[{"href":"https:\/\/www.acemabcn.org\/es\/wp-json\/wp\/v2\/types\/post"}],"author":[{"embeddable":true,"href":"https:\/\/www.acemabcn.org\/es\/wp-json\/wp\/v2\/users\/2"}],"replies":[{"embeddable":true,"href":"https:\/\/www.acemabcn.org\/es\/wp-json\/wp\/v2\/comments?post=2964"}],"version-history":[{"count":2,"href":"https:\/\/www.acemabcn.org\/es\/wp-json\/wp\/v2\/posts\/2964\/revisions"}],"predecessor-version":[{"id":2969,"href":"https:\/\/www.acemabcn.org\/es\/wp-json\/wp\/v2\/posts\/2964\/revisions\/2969"}],"wp:featuredmedia":[{"embeddable":true,"href":"https:\/\/www.acemabcn.org\/es\/wp-json\/wp\/v2\/media\/2967"}],"wp:attachment":[{"href":"https:\/\/www.acemabcn.org\/es\/wp-json\/wp\/v2\/media?parent=2964"}],"wp:term":[{"taxonomy":"category","embeddable":true,"href":"https:\/\/www.acemabcn.org\/es\/wp-json\/wp\/v2\/categories?post=2964"},{"taxonomy":"post_tag","embeddable":true,"href":"https:\/\/www.acemabcn.org\/es\/wp-json\/wp\/v2\/tags?post=2964"}],"curies":[{"name":"wp","href":"https:\/\/api.w.org\/{rel}","templated":true}]}}